{"id":6798,"date":"2020-03-16T20:08:12","date_gmt":"2020-03-16T20:08:12","guid":{"rendered":"https:\/\/fedphoneline.com\/blog\/?p=6798"},"modified":"2021-01-10T03:19:56","modified_gmt":"2021-01-10T03:19:56","slug":"impact-of-covid-19-on-provincial-federal-institutions","status":"publish","type":"post","link":"https:\/\/fedphoneline.com\/blog\/fr_FR\/impact-of-covid-19-on-provincial-federal-institutions\/","title":{"rendered":"Impact de COVID-19 sur les institutions provinciales\/f\u00e9d\u00e9rales"},"content":{"rendered":"<p>Le 14 mars 2020, le Service correctionnel du Canada a suspendu les visites de d\u00e9tenus, les permissions de sortir, les placements \u00e0 l&#8217;ext\u00e9rieur et les VFP dans tous les \u00e9tablissements f\u00e9d\u00e9raux.\u00a0 Les visites par vid\u00e9o et le t\u00e9l\u00e9phone sont toujours des options pour rester en contact avec les amis et la famille.\u00a0\u00a0 Veuillez consulter notre blog sur les visites vid\u00e9o : <a href=\"https:\/\/fedphoneline.com\/blog\/fr_FR\/inmate-video-visits\/\">Comment fonctionnent les visites vid\u00e9o dans les prisons f\u00e9d\u00e9rales canadiennes<\/a><\/p>\n<p>Dans les institutions f\u00e9d\u00e9rales, il n&#8217;y a aucun cas confirm\u00e9 de COVID-19.<\/p>\n<p>Il semble que la plupart ou la totalit\u00e9 des institutions provinciales de l&#8217;Ontario aient \u00e9galement suspendu les visites en raison de l&#8217;\u00e9pid\u00e9mie de COVID-19 depuis le 14 mars 2020.\u00a0 De nombreux \u00e9tablissements en dehors de l&#8217;Ontario n&#8217;ont pas encore suspendu les visites mais ont limit\u00e9 leurs heures de visite.\u00a0 Pour plus d&#8217;informations, veuillez contacter directement l&#8217;institution: <a href=\"https:\/\/fedphoneline.com\/fr\/correctional\">fedphoneline.com\/fr\/correctional<\/a><\/p>\n<p>Veuillez encourager vos amis et \u00eatres chers \u00e0 essayer de se prot\u00e9ger et \u00e0 suivre les informations fournies par <a href=\"https:\/\/www.who.int\/fr\/emergencies\/diseases\/novel-coronavirus-2019\/advice-for-public\">l&#8217;Organisation mondiale de la sant\u00e9\u00a0<\/a><\/p>\n<h3>\u00a0<\/h3>\n<h3>Lavez-vous les mains fr\u00e9quemment<\/h3>\n<p>Nettoyez-vous r\u00e9guli\u00e8rement et soigneusement les mains avec un produit \u00e0 base d&#8217;alcool ou lavez-vous les mains \u00e0 l&#8217;eau et au savon. \u00a0 Pourquoi ? Se laver les mains \u00e0 l&#8217;eau et au savon ou utiliser un produit de lavage des mains \u00e0 base d&#8217;alcool tue les virus qui peuvent se trouver sur vos mains.<\/p>\n<p>\u00a0<\/p>\n<h3>Maintenir une distance sociale<\/h3>\n<p>Maintenez une distance d&#8217;au moins 1 m\u00e8tre entre vous et toute personne qui tousse ou \u00e9ternue.<\/p>\n<p><strong>Pourquoi?<\/strong> Lorsqu&#8217;une personne tousse ou \u00e9ternue, elle projette de petites gouttelettes de liquide par le nez ou la bouche, qui peuvent contenir un virus. Si vous \u00eates trop pr\u00e8s, vous pouvez respirer les gouttelettes, y compris le virus COVID-19 si la personne qui tousse est atteinte de la maladie.<\/p>\n<p>\u00a0<\/p>\n<h3>\u00c9vitez de vous toucher les yeux, le nez et la bouche<\/h3>\n<p><strong>Pourquoi?<\/strong> Les mains touchent de nombreuses surfaces et peuvent capter des virus. Une fois contamin\u00e9es, les mains peuvent transmettre le virus \u00e0 vos yeux, votre nez ou votre bouche. De l\u00e0, le virus peut p\u00e9n\u00e9trer dans votre corps et vous rendre malade.<\/p>\n<p>\u00a0<\/p>\n<h3>Pratiquez l&#8217;hygi\u00e8ne respiratoire<\/h3>\n<p>Assurez-vous que vous, et les personnes qui vous entourent, respectez une bonne hygi\u00e8ne respiratoire. Cela signifie que vous devez vous couvrir la bouche et le nez avec votre coude pli\u00e9 ou un mouchoir en papier lorsque vous toussez ou \u00e9ternuez. Ensuite, jetez imm\u00e9diatement les mouchoirs utilis\u00e9s.<\/p>\n<p><strong>Pourquoi?<\/strong> Les gouttelettes propagent le virus. En suivant une bonne hygi\u00e8ne respiratoire, vous prot\u00e9gez les personnes qui vous entourent contre les virus tels que le rhume, la grippe et le COVID-19.<\/p>\n<p>\u00a0<\/p>\n<h3>Si vous avez de la fi\u00e8vre, de la toux et des difficult\u00e9s respiratoires, consultez un m\u00e9decin sans tarder<\/h3>\n<p>Restez \u00e0 la maison si vous ne vous sentez pas bien. Si vous avez de la fi\u00e8vre, une toux et des difficult\u00e9s \u00e0 respirer, consultez un m\u00e9decin et appelez \u00e0 l&#8217;avance. Suivez les instructions de votre autorit\u00e9 sanitaire locale.<\/p>\n<p><strong>Pourquoi?<\/strong> Les autorit\u00e9s nationales et locales disposeront des informations les plus r\u00e9centes sur la situation dans votre r\u00e9gion. En t\u00e9l\u00e9phonant \u00e0 l&#8217;avance, votre prestataire de soins de sant\u00e9 pourra vous orienter rapidement vers le bon \u00e9tablissement de sant\u00e9. Cela vous prot\u00e9gera \u00e9galement et contribuera \u00e0 pr\u00e9venir la propagation de virus et d&#8217;autres infections.<\/p>\n<p>\u00a0<\/p>\n<h3>Restez inform\u00e9 et suivez les conseils donn\u00e9s par votre prestataire de soins de sant\u00e9<\/h3>\n<p>Restez inform\u00e9 des derniers d\u00e9veloppements concernant COVID-19. Suivez les conseils donn\u00e9s par votre prestataire de soins de sant\u00e9, votre autorit\u00e9 de sant\u00e9 publique nationale et locale ou votre employeur sur la mani\u00e8re de vous prot\u00e9ger et de prot\u00e9ger les autres contre COVID-19.<\/p>\n<p><strong>Pourquoi?<\/strong> Les autorit\u00e9s nationales et locales disposeront des informations les plus r\u00e9centes pour savoir si COVID-19 se r\u00e9pand dans votre r\u00e9gion. Elles sont les mieux plac\u00e9es pour conseiller les habitants de votre r\u00e9gion sur ce qu&#8217;ils doivent faire pour se prot\u00e9ger.<\/p>\n<p>Chez FedPhoneLine, nous prenons tr\u00e8s au s\u00e9rieux la sant\u00e9 et la s\u00e9curit\u00e9 de nos clients.\u00a0 Veuillez visiter la page &#8220;<a href=\"https:\/\/fedphoneline.com\/fr\/latest-news\">Nouvelles de prison<\/a>&#8221; de FedPhoneLine pour vous tenir au courant des prochaines nouvelles concernant le syst\u00e8me carc\u00e9ral.<\/p>\n","protected":false},"excerpt":{"rendered":"<p>Le 14 mars 2020, le Service correctionnel du Canada a suspendu les visites de d\u00e9tenus, les permissions de sortir, les placements \u00e0 l&#8217;ext\u00e9rieur et les VFP dans tous les \u00e9tablissements f\u00e9d\u00e9raux.\u00a0 Les visites par vid\u00e9o et le t\u00e9l\u00e9phone sont toujours des &#8230;<\/p>\n","protected":false},"author":1,"featured_media":6801,"comment_status":"open","ping_status":"open","sticky":false,"template":"","format":"standard","meta":{"footnotes":""},"categories":[83],"tags":[],"class_list":["post-6798","post","type-post","status-publish","format-standard","has-post-thumbnail","hentry","category-visitation-info"],"yoast_head":"<!-- This site is optimized with the Yoast SEO plugin v24.5 - https:\/\/yoast.com\/wordpress\/plugins\/seo\/ -->\n<title>Impact of COVID-19 on Provincial\/Federal Institutions | FedPhoneLine<\/title>\n<meta name=\"description\" content=\"It seems that most or all Ontario Provincial Institutions have also suspended visitation due to the COVID-19 outbreak since March 14, 2020.\" \/>\n<meta name=\"robots\" content=\"index, follow, max-snippet:-1, max-image-preview:large, max-video-preview:-1\" \/>\n<link rel=\"canonical\" href=\"https:\/\/fedphoneline.com\/blog\/en_US\/impact-of-covid-19-on-provincial-federal-institutions\/\" \/>\n<meta property=\"og:locale\" content=\"en_US\" \/>\n<meta property=\"og:type\" content=\"article\" \/>\n<meta property=\"og:title\" content=\"Impact of COVID-19 on Provincial\/Federal Institutions | FedPhoneLine\" \/>\n<meta property=\"og:description\" content=\"It seems that most or all Ontario Provincial Institutions have also suspended visitation due to the COVID-19 outbreak since March 14, 2020.\" \/>\n<meta property=\"og:url\" content=\"https:\/\/fedphoneline.com\/blog\/en_US\/impact-of-covid-19-on-provincial-federal-institutions\/\" \/>\n<meta property=\"og:site_name\" content=\"FedPhoneLine\" \/>\n<meta property=\"article:published_time\" content=\"2020-03-16T20:08:12+00:00\" \/>\n<meta property=\"article:modified_time\" content=\"2021-01-10T03:19:56+00:00\" \/>\n<meta property=\"og:image\" content=\"https:\/\/fedphoneline.com\/blog\/wp-content\/uploads\/2020\/03\/coronavirus-1.jpg\" \/>\n\t<meta property=\"og:image:width\" content=\"1600\" \/>\n\t<meta property=\"og:image:height\" content=\"1067\" \/>\n\t<meta property=\"og:image:type\" content=\"image\/jpeg\" \/>\n<meta name=\"author\" content=\"admin\" \/>\n<meta name=\"twitter:card\" content=\"summary_large_image\" \/>\n<meta name=\"twitter:label1\" content=\"Written by\" \/>\n\t<meta name=\"twitter:data1\" content=\"admin\" \/>\n\t<meta name=\"twitter:label2\" content=\"Est. reading time\" \/>\n\t<meta name=\"twitter:data2\" content=\"3 minutes\" \/>\n<script type=\"application\/ld+json\" class=\"yoast-schema-graph\">{\"@context\":\"https:\/\/schema.org\",\"@graph\":[{\"@type\":\"Article\",\"@id\":\"https:\/\/fedphoneline.com\/blog\/en_US\/impact-of-covid-19-on-provincial-federal-institutions\/#article\",\"isPartOf\":{\"@id\":\"https:\/\/fedphoneline.com\/blog\/en_US\/impact-of-covid-19-on-provincial-federal-institutions\/\"},\"author\":{\"name\":\"admin\",\"@id\":\"https:\/\/fedphoneline.com\/blog\/en_US\/#\/schema\/person\/ab6ae0ef7202ae2f86da81ffff95090c\"},\"headline\":\"Impact de COVID-19 sur les institutions provinciales\/f\u00e9d\u00e9rales\",\"datePublished\":\"2020-03-16T20:08:12+00:00\",\"dateModified\":\"2021-01-10T03:19:56+00:00\",\"mainEntityOfPage\":{\"@id\":\"https:\/\/fedphoneline.com\/blog\/en_US\/impact-of-covid-19-on-provincial-federal-institutions\/\"},\"wordCount\":550,\"commentCount\":0,\"publisher\":{\"@id\":\"https:\/\/fedphoneline.com\/blog\/en_US\/#organization\"},\"image\":{\"@id\":\"https:\/\/fedphoneline.com\/blog\/en_US\/impact-of-covid-19-on-provincial-federal-institutions\/#primaryimage\"},\"thumbnailUrl\":\"https:\/\/fedphoneline.com\/blog\/wp-content\/uploads\/2020\/03\/coronavirus-1.jpg\",\"articleSection\":[\"Visitation Info\"],\"inLanguage\":\"en-US\",\"potentialAction\":[{\"@type\":\"CommentAction\",\"name\":\"Comment\",\"target\":[\"https:\/\/fedphoneline.com\/blog\/en_US\/impact-of-covid-19-on-provincial-federal-institutions\/#respond\"]}]},{\"@type\":\"WebPage\",\"@id\":\"https:\/\/fedphoneline.com\/blog\/en_US\/impact-of-covid-19-on-provincial-federal-institutions\/\",\"url\":\"https:\/\/fedphoneline.com\/blog\/en_US\/impact-of-covid-19-on-provincial-federal-institutions\/\",\"name\":\"Impact of COVID-19 on Provincial\/Federal Institutions | FedPhoneLine\",\"isPartOf\":{\"@id\":\"https:\/\/fedphoneline.com\/blog\/en_US\/#website\"},\"primaryImageOfPage\":{\"@id\":\"https:\/\/fedphoneline.com\/blog\/en_US\/impact-of-covid-19-on-provincial-federal-institutions\/#primaryimage\"},\"image\":{\"@id\":\"https:\/\/fedphoneline.com\/blog\/en_US\/impact-of-covid-19-on-provincial-federal-institutions\/#primaryimage\"},\"thumbnailUrl\":\"https:\/\/fedphoneline.com\/blog\/wp-content\/uploads\/2020\/03\/coronavirus-1.jpg\",\"datePublished\":\"2020-03-16T20:08:12+00:00\",\"dateModified\":\"2021-01-10T03:19:56+00:00\",\"description\":\"It seems that most or all Ontario Provincial Institutions have also suspended visitation due to the COVID-19 outbreak since March 14, 2020.\",\"breadcrumb\":{\"@id\":\"https:\/\/fedphoneline.com\/blog\/en_US\/impact-of-covid-19-on-provincial-federal-institutions\/#breadcrumb\"},\"inLanguage\":\"en-US\",\"potentialAction\":[{\"@type\":\"ReadAction\",\"target\":[\"https:\/\/fedphoneline.com\/blog\/en_US\/impact-of-covid-19-on-provincial-federal-institutions\/\"]}]},{\"@type\":\"ImageObject\",\"inLanguage\":\"en-US\",\"@id\":\"https:\/\/fedphoneline.com\/blog\/en_US\/impact-of-covid-19-on-provincial-federal-institutions\/#primaryimage\",\"url\":\"https:\/\/fedphoneline.com\/blog\/wp-content\/uploads\/2020\/03\/coronavirus-1.jpg\",\"contentUrl\":\"https:\/\/fedphoneline.com\/blog\/wp-content\/uploads\/2020\/03\/coronavirus-1.jpg\",\"width\":1600,\"height\":1067,\"caption\":\"corona virus\"},{\"@type\":\"BreadcrumbList\",\"@id\":\"https:\/\/fedphoneline.com\/blog\/en_US\/impact-of-covid-19-on-provincial-federal-institutions\/#breadcrumb\",\"itemListElement\":[{\"@type\":\"ListItem\",\"position\":1,\"name\":\"Home\",\"item\":\"https:\/\/fedphoneline.com\/blog\/en_US\/\"},{\"@type\":\"ListItem\",\"position\":2,\"name\":\"Impact of COVID-19 on Provincial\/Federal Institutions\"}]},{\"@type\":\"WebSite\",\"@id\":\"https:\/\/fedphoneline.com\/blog\/en_US\/#website\",\"url\":\"https:\/\/fedphoneline.com\/blog\/en_US\/\",\"name\":\"FedPhoneLine Blog | Inmate Calling Services | FedPhoneLine\",\"description\":\"Inmate Calling Services\",\"publisher\":{\"@id\":\"https:\/\/fedphoneline.com\/blog\/en_US\/#organization\"},\"potentialAction\":[{\"@type\":\"SearchAction\",\"target\":{\"@type\":\"EntryPoint\",\"urlTemplate\":\"https:\/\/fedphoneline.com\/blog\/en_US\/?s={search_term_string}\"},\"query-input\":{\"@type\":\"PropertyValueSpecification\",\"valueRequired\":true,\"valueName\":\"search_term_string\"}}],\"inLanguage\":\"en-US\"},{\"@type\":\"Organization\",\"@id\":\"https:\/\/fedphoneline.com\/blog\/en_US\/#organization\",\"name\":\"FedPhoneLine\",\"url\":\"https:\/\/fedphoneline.com\/blog\/en_US\/\",\"logo\":{\"@type\":\"ImageObject\",\"inLanguage\":\"en-US\",\"@id\":\"https:\/\/fedphoneline.com\/blog\/en_US\/#\/schema\/logo\/image\/\",\"url\":\"https:\/\/fedphoneline.com\/blog\/wp-content\/uploads\/2018\/12\/logo.png\",\"contentUrl\":\"https:\/\/fedphoneline.com\/blog\/wp-content\/uploads\/2018\/12\/logo.png\",\"width\":81,\"height\":69,\"caption\":\"FedPhoneLine\"},\"image\":{\"@id\":\"https:\/\/fedphoneline.com\/blog\/en_US\/#\/schema\/logo\/image\/\"}},{\"@type\":\"Person\",\"@id\":\"https:\/\/fedphoneline.com\/blog\/en_US\/#\/schema\/person\/ab6ae0ef7202ae2f86da81ffff95090c\",\"name\":\"admin\",\"image\":{\"@type\":\"ImageObject\",\"inLanguage\":\"en-US\",\"@id\":\"https:\/\/fedphoneline.com\/blog\/en_US\/#\/schema\/person\/image\/\",\"url\":\"https:\/\/secure.gravatar.com\/avatar\/384f1bce4e64679b1626803dbc39547b?s=96&d=mm&r=g\",\"contentUrl\":\"https:\/\/secure.gravatar.com\/avatar\/384f1bce4e64679b1626803dbc39547b?s=96&d=mm&r=g\",\"caption\":\"admin\"}}]}<\/script>\n<!-- \/ Yoast SEO plugin. -->","yoast_head_json":{"title":"Impact of COVID-19 on Provincial\/Federal Institutions | FedPhoneLine","description":"It seems that most or all Ontario Provincial Institutions have also suspended visitation due to the COVID-19 outbreak since March 14, 2020.","robots":{"index":"index","follow":"follow","max-snippet":"max-snippet:-1","max-image-preview":"max-image-preview:large","max-video-preview":"max-video-preview:-1"},"canonical":"https:\/\/fedphoneline.com\/blog\/en_US\/impact-of-covid-19-on-provincial-federal-institutions\/","og_locale":"en_US","og_type":"article","og_title":"Impact of COVID-19 on Provincial\/Federal Institutions | FedPhoneLine","og_description":"It seems that most or all Ontario Provincial Institutions have also suspended visitation due to the COVID-19 outbreak since March 14, 2020.","og_url":"https:\/\/fedphoneline.com\/blog\/en_US\/impact-of-covid-19-on-provincial-federal-institutions\/","og_site_name":"FedPhoneLine","article_published_time":"2020-03-16T20:08:12+00:00","article_modified_time":"2021-01-10T03:19:56+00:00","og_image":[{"width":1600,"height":1067,"url":"https:\/\/fedphoneline.com\/blog\/wp-content\/uploads\/2020\/03\/coronavirus-1.jpg","type":"image\/jpeg"}],"author":"admin","twitter_card":"summary_large_image","twitter_misc":{"Written by":"admin","Est. reading time":"3 minutes"},"schema":{"@context":"https:\/\/schema.org","@graph":[{"@type":"Article","@id":"https:\/\/fedphoneline.com\/blog\/en_US\/impact-of-covid-19-on-provincial-federal-institutions\/#article","isPartOf":{"@id":"https:\/\/fedphoneline.com\/blog\/en_US\/impact-of-covid-19-on-provincial-federal-institutions\/"},"author":{"name":"admin","@id":"https:\/\/fedphoneline.com\/blog\/en_US\/#\/schema\/person\/ab6ae0ef7202ae2f86da81ffff95090c"},"headline":"Impact de COVID-19 sur les institutions provinciales\/f\u00e9d\u00e9rales","datePublished":"2020-03-16T20:08:12+00:00","dateModified":"2021-01-10T03:19:56+00:00","mainEntityOfPage":{"@id":"https:\/\/fedphoneline.com\/blog\/en_US\/impact-of-covid-19-on-provincial-federal-institutions\/"},"wordCount":550,"commentCount":0,"publisher":{"@id":"https:\/\/fedphoneline.com\/blog\/en_US\/#organization"},"image":{"@id":"https:\/\/fedphoneline.com\/blog\/en_US\/impact-of-covid-19-on-provincial-federal-institutions\/#primaryimage"},"thumbnailUrl":"https:\/\/fedphoneline.com\/blog\/wp-content\/uploads\/2020\/03\/coronavirus-1.jpg","articleSection":["Visitation Info"],"inLanguage":"en-US","potentialAction":[{"@type":"CommentAction","name":"Comment","target":["https:\/\/fedphoneline.com\/blog\/en_US\/impact-of-covid-19-on-provincial-federal-institutions\/#respond"]}]},{"@type":"WebPage","@id":"https:\/\/fedphoneline.com\/blog\/en_US\/impact-of-covid-19-on-provincial-federal-institutions\/","url":"https:\/\/fedphoneline.com\/blog\/en_US\/impact-of-covid-19-on-provincial-federal-institutions\/","name":"Impact of COVID-19 on Provincial\/Federal Institutions | FedPhoneLine","isPartOf":{"@id":"https:\/\/fedphoneline.com\/blog\/en_US\/#website"},"primaryImageOfPage":{"@id":"https:\/\/fedphoneline.com\/blog\/en_US\/impact-of-covid-19-on-provincial-federal-institutions\/#primaryimage"},"image":{"@id":"https:\/\/fedphoneline.com\/blog\/en_US\/impact-of-covid-19-on-provincial-federal-institutions\/#primaryimage"},"thumbnailUrl":"https:\/\/fedphoneline.com\/blog\/wp-content\/uploads\/2020\/03\/coronavirus-1.jpg","datePublished":"2020-03-16T20:08:12+00:00","dateModified":"2021-01-10T03:19:56+00:00","description":"It seems that most or all Ontario Provincial Institutions have also suspended visitation due to the COVID-19 outbreak since March 14, 2020.","breadcrumb":{"@id":"https:\/\/fedphoneline.com\/blog\/en_US\/impact-of-covid-19-on-provincial-federal-institutions\/#breadcrumb"},"inLanguage":"en-US","potentialAction":[{"@type":"ReadAction","target":["https:\/\/fedphoneline.com\/blog\/en_US\/impact-of-covid-19-on-provincial-federal-institutions\/"]}]},{"@type":"ImageObject","inLanguage":"en-US","@id":"https:\/\/fedphoneline.com\/blog\/en_US\/impact-of-covid-19-on-provincial-federal-institutions\/#primaryimage","url":"https:\/\/fedphoneline.com\/blog\/wp-content\/uploads\/2020\/03\/coronavirus-1.jpg","contentUrl":"https:\/\/fedphoneline.com\/blog\/wp-content\/uploads\/2020\/03\/coronavirus-1.jpg","width":1600,"height":1067,"caption":"corona virus"},{"@type":"BreadcrumbList","@id":"https:\/\/fedphoneline.com\/blog\/en_US\/impact-of-covid-19-on-provincial-federal-institutions\/#breadcrumb","itemListElement":[{"@type":"ListItem","position":1,"name":"Home","item":"https:\/\/fedphoneline.com\/blog\/en_US\/"},{"@type":"ListItem","position":2,"name":"Impact of COVID-19 on Provincial\/Federal Institutions"}]},{"@type":"WebSite","@id":"https:\/\/fedphoneline.com\/blog\/en_US\/#website","url":"https:\/\/fedphoneline.com\/blog\/en_US\/","name":"FedPhoneLine Blog | Inmate Calling Services | FedPhoneLine","description":"Inmate Calling Services","publisher":{"@id":"https:\/\/fedphoneline.com\/blog\/en_US\/#organization"},"potentialAction":[{"@type":"SearchAction","target":{"@type":"EntryPoint","urlTemplate":"https:\/\/fedphoneline.com\/blog\/en_US\/?s={search_term_string}"},"query-input":{"@type":"PropertyValueSpecification","valueRequired":true,"valueName":"search_term_string"}}],"inLanguage":"en-US"},{"@type":"Organization","@id":"https:\/\/fedphoneline.com\/blog\/en_US\/#organization","name":"FedPhoneLine","url":"https:\/\/fedphoneline.com\/blog\/en_US\/","logo":{"@type":"ImageObject","inLanguage":"en-US","@id":"https:\/\/fedphoneline.com\/blog\/en_US\/#\/schema\/logo\/image\/","url":"https:\/\/fedphoneline.com\/blog\/wp-content\/uploads\/2018\/12\/logo.png","contentUrl":"https:\/\/fedphoneline.com\/blog\/wp-content\/uploads\/2018\/12\/logo.png","width":81,"height":69,"caption":"FedPhoneLine"},"image":{"@id":"https:\/\/fedphoneline.com\/blog\/en_US\/#\/schema\/logo\/image\/"}},{"@type":"Person","@id":"https:\/\/fedphoneline.com\/blog\/en_US\/#\/schema\/person\/ab6ae0ef7202ae2f86da81ffff95090c","name":"admin","image":{"@type":"ImageObject","inLanguage":"en-US","@id":"https:\/\/fedphoneline.com\/blog\/en_US\/#\/schema\/person\/image\/","url":"https:\/\/secure.gravatar.com\/avatar\/384f1bce4e64679b1626803dbc39547b?s=96&d=mm&r=g","contentUrl":"https:\/\/secure.gravatar.com\/avatar\/384f1bce4e64679b1626803dbc39547b?s=96&d=mm&r=g","caption":"admin"}}]}},"_links":{"self":[{"href":"https:\/\/fedphoneline.com\/blog\/fr_FR\/wp-json\/wp\/v2\/posts\/6798","targetHints":{"allow":["GET"]}}],"collection":[{"href":"https:\/\/fedphoneline.com\/blog\/fr_FR\/wp-json\/wp\/v2\/posts"}],"about":[{"href":"https:\/\/fedphoneline.com\/blog\/fr_FR\/wp-json\/wp\/v2\/types\/post"}],"author":[{"embeddable":true,"href":"https:\/\/fedphoneline.com\/blog\/fr_FR\/wp-json\/wp\/v2\/users\/1"}],"replies":[{"embeddable":true,"href":"https:\/\/fedphoneline.com\/blog\/fr_FR\/wp-json\/wp\/v2\/comments?post=6798"}],"version-history":[{"count":18,"href":"https:\/\/fedphoneline.com\/blog\/fr_FR\/wp-json\/wp\/v2\/posts\/6798\/revisions"}],"predecessor-version":[{"id":7305,"href":"https:\/\/fedphoneline.com\/blog\/fr_FR\/wp-json\/wp\/v2\/posts\/6798\/revisions\/7305"}],"wp:featuredmedia":[{"embeddable":true,"href":"https:\/\/fedphoneline.com\/blog\/fr_FR\/wp-json\/wp\/v2\/media\/6801"}],"wp:attachment":[{"href":"https:\/\/fedphoneline.com\/blog\/fr_FR\/wp-json\/wp\/v2\/media?parent=6798"}],"wp:term":[{"taxonomy":"category","embeddable":true,"href":"https:\/\/fedphoneline.com\/blog\/fr_FR\/wp-json\/wp\/v2\/categories?post=6798"},{"taxonomy":"post_tag","embeddable":true,"href":"https:\/\/fedphoneline.com\/blog\/fr_FR\/wp-json\/wp\/v2\/tags?post=6798"}],"curies":[{"name":"wp","href":"https:\/\/api.w.org\/{rel}","templated":true}]}}